{"id":7224,"date":"2026-09-02T17:58:59","date_gmt":"2026-09-02T20:58:59","guid":{"rendered":"https:\/\/www.escuelathays.mendoza.edu.ar\/?p=7224"},"modified":"2026-09-02T18:18:35","modified_gmt":"2026-09-02T21:18:35","slug":"docentes-de-la-thays-exponen-en-congreso-de-matematica-5-0","status":"publish","type":"post","link":"https:\/\/www.escuelathays.mendoza.edu.ar\/?p=7224","title":{"rendered":"Docentes de la Thays invitadas al Congreso de Matem\u00e1tica 5.0"},"content":{"rendered":"\t\t<div data-elementor-type=\"wp-post\" data-elementor-id=\"7224\" class=\"elementor elementor-7224\">\n\t\t\t\t<div class=\"elementor-element elementor-element-d78551f e-flex e-con-boxed e-con e-parent\" data-id=\"d78551f\" data-element_type=\"container\">\n\t\t\t\t\t<div class=\"e-con-inner\">\n\t\t\t\t<div class=\"elementor-element elementor-element-64749b8 elementor-widget elementor-widget-heading\" data-id=\"64749b8\" data-element_type=\"widget\" data-widget_type=\"heading.default\">\n\t\t\t\t<div class=\"elementor-widget-container\">\n\t\t\t\t\t<h2 class=\"elementor-heading-title elementor-size-default\">Docentes de la Thays invitadas al I Congreso Nacional y II Congreso Provincial de Matem\u00e1tica 5.0<\/h2>\t\t\t\t<\/div>\n\t\t\t\t<\/div>\n\t\t\t\t\t<\/div>\n\t\t\t\t<\/div>\n\t\t<div class=\"elementor-element elementor-element-72c633e e-flex e-con-boxed e-con e-parent\" data-id=\"72c633e\" data-element_type=\"container\">\n\t\t\t\t\t<div class=\"e-con-inner\">\n\t\t\t\t<div class=\"elementor-element elementor-element-e12d7b8 elementor-widget elementor-widget-image\" data-id=\"e12d7b8\" data-element_type=\"widget\" data-widget_type=\"image.default\">\n\t\t\t\t<div class=\"elementor-widget-container\">\n\t\t\t\t\t\t\t\t\t\t\t\t\t\t\t<img fetchpriority=\"high\" decoding=\"async\" width=\"1024\" height=\"768\" src=\"https:\/\/www.escuelathays.mendoza.edu.ar\/wp-content\/uploads\/2026\/09\/COngreso-Mates_-8-1024x768.jpeg\" class=\"attachment-large size-large wp-image-7226\" alt=\"\" srcset=\"https:\/\/www.escuelathays.mendoza.edu.ar\/wp-content\/uploads\/2026\/09\/COngreso-Mates_-8-1024x768.jpeg 1024w, https:\/\/www.escuelathays.mendoza.edu.ar\/wp-content\/uploads\/2026\/09\/COngreso-Mates_-8-300x225.jpeg 300w, https:\/\/www.escuelathays.mendoza.edu.ar\/wp-content\/uploads\/2026\/09\/COngreso-Mates_-8-768x576.jpeg 768w, https:\/\/www.escuelathays.mendoza.edu.ar\/wp-content\/uploads\/2026\/09\/COngreso-Mates_-8-1536x1152.jpeg 1536w, https:\/\/www.escuelathays.mendoza.edu.ar\/wp-content\/uploads\/2026\/09\/COngreso-Mates_-8.jpeg 1600w\" sizes=\"(max-width: 1024px) 100vw, 1024px\" \/>\t\t\t\t\t\t\t\t\t\t\t\t\t\t\t<\/div>\n\t\t\t\t<\/div>\n\t\t\t\t\t<\/div>\n\t\t\t\t<\/div>\n\t\t<div class=\"elementor-element elementor-element-a7b6541 e-flex e-con-boxed e-con e-parent\" data-id=\"a7b6541\" data-element_type=\"container\">\n\t\t\t\t\t<div class=\"e-con-inner\">\n\t\t\t\t<div class=\"elementor-element elementor-element-c886131 elementor-widget elementor-widget-text-editor\" data-id=\"c886131\" data-element_type=\"widget\" data-widget_type=\"text-editor.default\">\n\t\t\t\t<div class=\"elementor-widget-container\">\n\t\t\t\t\t\t\t\t\t<p>Las profesoras <b data-path-to-node=\"5\" data-index-in-node=\"15\">Pamela D\u00edaz<\/b> (Coordinadora del \u00c1rea de Matem\u00e1tica) y <b data-path-to-node=\"5\" data-index-in-node=\"67\">Yemina Lusi<\/b> (docente de Ciclo B\u00e1sico y Orientado) de nuestra instituci\u00f3n, representaron a la escuela como expositoras en el destacado encuentro educativo realizado los d\u00edas 27 y 28 de agosto de 2026, en el marco de la convocatoria Escuelas Innovadoras.<\/p>\t\t\t\t\t\t\t\t<\/div>\n\t\t\t\t<\/div>\n\t\t\t\t\t<\/div>\n\t\t\t\t<\/div>\n\t\t<div class=\"elementor-element elementor-element-42f2d53 e-flex e-con-boxed e-con e-parent\" data-id=\"42f2d53\" data-element_type=\"container\">\n\t\t\t\t\t<div class=\"e-con-inner\">\n\t\t<div class=\"elementor-element elementor-element-a412a91 e-con-full e-flex e-con e-child\" data-id=\"a412a91\" data-element_type=\"container\">\n\t\t\t\t<div class=\"elementor-element elementor-element-3c570b9 elementor-widget elementor-widget-text-editor\" data-id=\"3c570b9\" data-element_type=\"widget\" data-widget_type=\"text-editor.default\">\n\t\t\t\t<div class=\"elementor-widget-container\">\n\t\t\t\t\t\t\t\t\t<p>Las experiencias de aprendizaje que nuestros docentes llevan adelante diariamente en las aulas, tuvieron un merecido reconocimiento en el marco del <b data-path-to-node=\"6\" data-index-in-node=\"159\">Congreso Provincial de Matem\u00e1tica 5.0<\/b>. El Auditorio \u00c1ngel Bustelo y el Centro de Congresos y Exposiciones Dr. Emilio Civit de la Ciudad de Mendoza fueron las sedes de este evento cuyo lema central fue <i data-path-to-node=\"6\" data-index-in-node=\"360\">&#8220;Transformar la ense\u00f1anza con sentido humano&#8221;<\/i>.<\/p>\t\t\t\t\t\t\t\t<\/div>\n\t\t\t\t<\/div>\n\t\t\t\t<\/div>\n\t\t<div class=\"elementor-element elementor-element-89057c2 e-con-full e-flex e-con e-child\" data-id=\"89057c2\" data-element_type=\"container\">\n\t\t\t\t<div class=\"elementor-element elementor-element-2f9cde8 elementor-widget elementor-widget-image\" data-id=\"2f9cde8\" data-element_type=\"widget\" data-widget_type=\"image.default\">\n\t\t\t\t<div class=\"elementor-widget-container\">\n\t\t\t\t\t\t\t\t\t\t\t\t\t\t\t<img decoding=\"async\" width=\"1024\" height=\"683\" src=\"https:\/\/www.escuelathays.mendoza.edu.ar\/wp-content\/uploads\/2026\/09\/Congreso-de-Matematica-2026_21-1024x683.jpg\" class=\"attachment-large size-large wp-image-7227\" alt=\"\" srcset=\"https:\/\/www.escuelathays.mendoza.edu.ar\/wp-content\/uploads\/2026\/09\/Congreso-de-Matematica-2026_21-1024x683.jpg 1024w, https:\/\/www.escuelathays.mendoza.edu.ar\/wp-content\/uploads\/2026\/09\/Congreso-de-Matematica-2026_21-300x200.jpg 300w, https:\/\/www.escuelathays.mendoza.edu.ar\/wp-content\/uploads\/2026\/09\/Congreso-de-Matematica-2026_21-768x512.jpg 768w, https:\/\/www.escuelathays.mendoza.edu.ar\/wp-content\/uploads\/2026\/09\/Congreso-de-Matematica-2026_21.jpg 1200w\" sizes=\"(max-width: 1024px) 100vw, 1024px\" \/>\t\t\t\t\t\t\t\t\t\t\t\t\t\t\t<\/div>\n\t\t\t\t<\/div>\n\t\t\t\t<\/div>\n\t\t\t\t\t<\/div>\n\t\t\t\t<\/div>\n\t\t<div class=\"elementor-element elementor-element-4fc5f1f e-flex e-con-boxed e-con e-parent\" data-id=\"4fc5f1f\" data-element_type=\"container\">\n\t\t\t\t\t<div class=\"e-con-inner\">\n\t\t\t\t<div class=\"elementor-element elementor-element-7a2991e elementor-widget elementor-widget-text-editor\" data-id=\"7a2991e\" data-element_type=\"widget\" data-widget_type=\"text-editor.default\">\n\t\t\t\t<div class=\"elementor-widget-container\">\n\t\t\t\t\t\t\t\t\t<p>Enmarcado en el Plan Estrat\u00e9gico de Alfabetizaci\u00f3n y Desarrollo de las Habilidades Matem\u00e1ticas de Mendoza (PEAMM), el encuentro reuni\u00f3 a referentes del \u00e1mbito educativo nacional e internacional. Fue un valioso espacio de actualizaci\u00f3n acad\u00e9mica e intercambio did\u00e1ctico entre docentes y estudiantes de profesorados de Educaci\u00f3n Inicial, Primaria, Secundaria, Especial y de Adultos, orientado a enriquecer las pr\u00e1cticas pedag\u00f3gicas y fortalecer la formaci\u00f3n en el \u00e1rea.<\/p>\t\t\t\t\t\t\t\t<\/div>\n\t\t\t\t<\/div>\n\t\t\t\t\t<\/div>\n\t\t\t\t<\/div>\n\t\t<div class=\"elementor-element elementor-element-7dca7ad e-flex e-con-boxed e-con e-parent\" data-id=\"7dca7ad\" data-element_type=\"container\">\n\t\t\t\t\t<div class=\"e-con-inner\">\n\t\t\t\t<div class=\"elementor-element elementor-element-8dd2b2f elementor-widget elementor-widget-heading\" data-id=\"8dd2b2f\" data-element_type=\"widget\" data-widget_type=\"heading.default\">\n\t\t\t\t<div class=\"elementor-widget-container\">\n\t\t\t\t\t<h4 class=\"elementor-heading-title elementor-size-default\">El proyecto \"Matema-tick\": innovaci\u00f3n tecnol\u00f3gica y aprendizaje entre pares<\/h4>\t\t\t\t<\/div>\n\t\t\t\t<\/div>\n\t\t\t\t\t<\/div>\n\t\t\t\t<\/div>\n\t\t<div class=\"elementor-element elementor-element-0339b06 e-flex e-con-boxed e-con e-parent\" data-id=\"0339b06\" data-element_type=\"container\">\n\t\t\t\t\t<div class=\"e-con-inner\">\n\t\t\t\t<div class=\"elementor-element elementor-element-d525585 elementor-widget elementor-widget-text-editor\" data-id=\"d525585\" data-element_type=\"widget\" data-widget_type=\"text-editor.default\">\n\t\t\t\t<div class=\"elementor-widget-container\">\n\t\t\t\t\t\t\t\t\t<p data-path-to-node=\"9\">Durante el congreso, las profesoras D\u00edaz y Lusi compartieron con el auditorio los fundamentos y resultados del proyecto institucional del \u00c1rea de Matem\u00e1tica, vigente desde el a\u00f1o pasado y denominado <b data-path-to-node=\"9\" data-index-in-node=\"199\">Matema-tick<\/b>.\u00a0<\/p><p data-path-to-node=\"10\">Ideada por la Prof. Pamela D\u00edaz, esta propuesta busca que los propios estudiantes asuman un rol activo en su aprendizaje mediante la creaci\u00f3n de material audiovisual en formato de video. En estas producciones, los alumnos explican conceptos y procedimientos matem\u00e1ticos de 1.\u00ba, 2.\u00ba y 3.\u00ba a\u00f1o, as\u00ed como contenidos de F\u00edsica de 3.\u00ba a\u00f1o.\u00a0<\/p><p data-path-to-node=\"11\">El valor diferencial de esta iniciativa radica en que las explicaciones son elaboradas <b data-path-to-node=\"11\" data-index-in-node=\"87\">por y para pares<\/b>, utilizando un lenguaje ameno, accesible y cercano.\u00a0 Los videos quedan alojados en un espacio dedicado dentro de la web institucional para toda la comunidad, aunque sus principales destinatarios son los mismos compa\u00f1eros, quienes los utilizan como un recurso constante para repasar, consolidar o recuperar contenidos curriculares. Partiendo de la necesaria reflexi\u00f3n y metacognici\u00f3n, el \u00e9nfasis est\u00e1 puesto en &#8220;\u00bfPuedes ense\u00f1ar lo que aprendiste?&#8221;<\/p>\t\t\t\t\t\t\t\t<\/div>\n\t\t\t\t<\/div>\n\t\t\t\t\t<\/div>\n\t\t\t\t<\/div>\n\t\t<div class=\"elementor-element elementor-element-534eff2 e-flex e-con-boxed e-con e-parent\" data-id=\"534eff2\" data-element_type=\"container\">\n\t\t\t\t\t<div class=\"e-con-inner\">\n\t\t\t\t<div class=\"elementor-element elementor-element-376fe64 elementor-arrows-position-inside elementor-pagination-position-outside elementor-widget elementor-widget-image-carousel\" data-id=\"376fe64\" data-element_type=\"widget\" data-settings=\"{&quot;navigation&quot;:&quot;both&quot;,&quot;autoplay&quot;:&quot;yes&quot;,&quot;pause_on_hover&quot;:&quot;yes&quot;,&quot;pause_on_interaction&quot;:&quot;yes&quot;,&quot;autoplay_speed&quot;:5000,&quot;infinite&quot;:&quot;yes&quot;,&quot;speed&quot;:500}\" data-widget_type=\"image-carousel.default\">\n\t\t\t\t<div class=\"elementor-widget-container\">\n\t\t\t\t\t\t\t<div class=\"elementor-image-carousel-wrapper swiper\" role=\"region\" aria-roledescription=\"carousel\" aria-label=\"Carrusel de im\u00e1genes\" dir=\"ltr\">\n\t\t\t<div class=\"elementor-image-carousel swiper-wrapper\" aria-live=\"off\">\n\t\t\t\t\t\t\t\t<div class=\"swiper-slide\" role=\"group\" aria-roledescription=\"slide\" aria-label=\"1 of 9\"><a data-elementor-open-lightbox=\"yes\" data-elementor-lightbox-slideshow=\"376fe64\" data-elementor-lightbox-title=\"COngreso Mates_ (2)\" data-e-action-hash=\"#elementor-action%3Aaction%3Dlightbox%26settings%3DeyJpZCI6NzIzMywidXJsIjoiaHR0cHM6XC9cL3d3dy5lc2N1ZWxhdGhheXMubWVuZG96YS5lZHUuYXJcL3dwLWNvbnRlbnRcL3VwbG9hZHNcLzIwMjZcLzA5XC9DT25ncmVzby1NYXRlc18tMi5qcGVnIiwic2xpZGVzaG93IjoiMzc2ZmU2NCJ9\" href=\"https:\/\/www.escuelathays.mendoza.edu.ar\/wp-content\/uploads\/2026\/09\/COngreso-Mates_-2.jpeg\"><figure class=\"swiper-slide-inner\"><img decoding=\"async\" class=\"swiper-slide-image\" src=\"https:\/\/www.escuelathays.mendoza.edu.ar\/wp-content\/uploads\/2026\/09\/COngreso-Mates_-2-150x150.jpeg\" alt=\"COngreso Mates_ (2)\" \/><\/figure><\/a><\/div><div class=\"swiper-slide\" role=\"group\" aria-roledescription=\"slide\" aria-label=\"2 of 9\"><a data-elementor-open-lightbox=\"yes\" data-elementor-lightbox-slideshow=\"376fe64\" data-elementor-lightbox-title=\"COngreso Mates_ (5)\" data-e-action-hash=\"#elementor-action%3Aaction%3Dlightbox%26settings%3DeyJpZCI6NzIzNSwidXJsIjoiaHR0cHM6XC9cL3d3dy5lc2N1ZWxhdGhheXMubWVuZG96YS5lZHUuYXJcL3dwLWNvbnRlbnRcL3VwbG9hZHNcLzIwMjZcLzA5XC9DT25ncmVzby1NYXRlc18tNS5qcGVnIiwic2xpZGVzaG93IjoiMzc2ZmU2NCJ9\" href=\"https:\/\/www.escuelathays.mendoza.edu.ar\/wp-content\/uploads\/2026\/09\/COngreso-Mates_-5.jpeg\"><figure class=\"swiper-slide-inner\"><img decoding=\"async\" class=\"swiper-slide-image\" src=\"https:\/\/www.escuelathays.mendoza.edu.ar\/wp-content\/uploads\/2026\/09\/COngreso-Mates_-5-150x150.jpeg\" alt=\"COngreso Mates_ (5)\" \/><\/figure><\/a><\/div><div class=\"swiper-slide\" role=\"group\" aria-roledescription=\"slide\" aria-label=\"3 of 9\"><a data-elementor-open-lightbox=\"yes\" data-elementor-lightbox-slideshow=\"376fe64\" data-elementor-lightbox-title=\"COngreso Mates_ (7)\" data-e-action-hash=\"#elementor-action%3Aaction%3Dlightbox%26settings%3DeyJpZCI6NzIzNywidXJsIjoiaHR0cHM6XC9cL3d3dy5lc2N1ZWxhdGhheXMubWVuZG96YS5lZHUuYXJcL3dwLWNvbnRlbnRcL3VwbG9hZHNcLzIwMjZcLzA5XC9DT25ncmVzby1NYXRlc18tNy5qcGVnIiwic2xpZGVzaG93IjoiMzc2ZmU2NCJ9\" href=\"https:\/\/www.escuelathays.mendoza.edu.ar\/wp-content\/uploads\/2026\/09\/COngreso-Mates_-7.jpeg\"><figure class=\"swiper-slide-inner\"><img decoding=\"async\" class=\"swiper-slide-image\" src=\"https:\/\/www.escuelathays.mendoza.edu.ar\/wp-content\/uploads\/2026\/09\/COngreso-Mates_-7-150x150.jpeg\" alt=\"COngreso Mates_ (7)\" \/><\/figure><\/a><\/div><div class=\"swiper-slide\" role=\"group\" aria-roledescription=\"slide\" aria-label=\"4 of 9\"><a data-elementor-open-lightbox=\"yes\" data-elementor-lightbox-slideshow=\"376fe64\" data-elementor-lightbox-title=\"COngreso Mates_ (1)\" data-e-action-hash=\"#elementor-action%3Aaction%3Dlightbox%26settings%3DeyJpZCI6NzIzMiwidXJsIjoiaHR0cHM6XC9cL3d3dy5lc2N1ZWxhdGhheXMubWVuZG96YS5lZHUuYXJcL3dwLWNvbnRlbnRcL3VwbG9hZHNcLzIwMjZcLzA5XC9DT25ncmVzby1NYXRlc18tMS5qcGVnIiwic2xpZGVzaG93IjoiMzc2ZmU2NCJ9\" href=\"https:\/\/www.escuelathays.mendoza.edu.ar\/wp-content\/uploads\/2026\/09\/COngreso-Mates_-1.jpeg\"><figure class=\"swiper-slide-inner\"><img decoding=\"async\" class=\"swiper-slide-image\" src=\"https:\/\/www.escuelathays.mendoza.edu.ar\/wp-content\/uploads\/2026\/09\/COngreso-Mates_-1-150x150.jpeg\" alt=\"COngreso Mates_ (1)\" \/><\/figure><\/a><\/div><div class=\"swiper-slide\" role=\"group\" aria-roledescription=\"slide\" aria-label=\"5 of 9\"><a data-elementor-open-lightbox=\"yes\" data-elementor-lightbox-slideshow=\"376fe64\" data-elementor-lightbox-title=\"COngreso Mates_ (4)\" data-e-action-hash=\"#elementor-action%3Aaction%3Dlightbox%26settings%3DeyJpZCI6NzIzNCwidXJsIjoiaHR0cHM6XC9cL3d3dy5lc2N1ZWxhdGhheXMubWVuZG96YS5lZHUuYXJcL3dwLWNvbnRlbnRcL3VwbG9hZHNcLzIwMjZcLzA5XC9DT25ncmVzby1NYXRlc18tNC5qcGVnIiwic2xpZGVzaG93IjoiMzc2ZmU2NCJ9\" href=\"https:\/\/www.escuelathays.mendoza.edu.ar\/wp-content\/uploads\/2026\/09\/COngreso-Mates_-4.jpeg\"><figure class=\"swiper-slide-inner\"><img decoding=\"async\" class=\"swiper-slide-image\" src=\"https:\/\/www.escuelathays.mendoza.edu.ar\/wp-content\/uploads\/2026\/09\/COngreso-Mates_-4-150x150.jpeg\" alt=\"COngreso Mates_ (4)\" \/><\/figure><\/a><\/div><div class=\"swiper-slide\" role=\"group\" aria-roledescription=\"slide\" aria-label=\"6 of 9\"><a data-elementor-open-lightbox=\"yes\" data-elementor-lightbox-slideshow=\"376fe64\" data-elementor-lightbox-title=\"COngreso Mates_ (6)\" data-e-action-hash=\"#elementor-action%3Aaction%3Dlightbox%26settings%3DeyJpZCI6NzIzNiwidXJsIjoiaHR0cHM6XC9cL3d3dy5lc2N1ZWxhdGhheXMubWVuZG96YS5lZHUuYXJcL3dwLWNvbnRlbnRcL3VwbG9hZHNcLzIwMjZcLzA5XC9DT25ncmVzby1NYXRlc18tNi5qcGVnIiwic2xpZGVzaG93IjoiMzc2ZmU2NCJ9\" href=\"https:\/\/www.escuelathays.mendoza.edu.ar\/wp-content\/uploads\/2026\/09\/COngreso-Mates_-6.jpeg\"><figure class=\"swiper-slide-inner\"><img decoding=\"async\" class=\"swiper-slide-image\" src=\"https:\/\/www.escuelathays.mendoza.edu.ar\/wp-content\/uploads\/2026\/09\/COngreso-Mates_-6-150x150.jpeg\" alt=\"COngreso Mates_ (6)\" \/><\/figure><\/a><\/div><div class=\"swiper-slide\" role=\"group\" aria-roledescription=\"slide\" aria-label=\"7 of 9\"><a data-elementor-open-lightbox=\"yes\" data-elementor-lightbox-slideshow=\"376fe64\" data-elementor-lightbox-title=\"COngreso Mates_ (10)\" data-e-action-hash=\"#elementor-action%3Aaction%3Dlightbox%26settings%3DeyJpZCI6NzIzOCwidXJsIjoiaHR0cHM6XC9cL3d3dy5lc2N1ZWxhdGhheXMubWVuZG96YS5lZHUuYXJcL3dwLWNvbnRlbnRcL3VwbG9hZHNcLzIwMjZcLzA5XC9DT25ncmVzby1NYXRlc18tMTAuanBlZyIsInNsaWRlc2hvdyI6IjM3NmZlNjQifQ%3D%3D\" href=\"https:\/\/www.escuelathays.mendoza.edu.ar\/wp-content\/uploads\/2026\/09\/COngreso-Mates_-10.jpeg\"><figure class=\"swiper-slide-inner\"><img decoding=\"async\" class=\"swiper-slide-image\" src=\"https:\/\/www.escuelathays.mendoza.edu.ar\/wp-content\/uploads\/2026\/09\/COngreso-Mates_-10-150x150.jpeg\" alt=\"COngreso Mates_ (10)\" \/><\/figure><\/a><\/div><div class=\"swiper-slide\" role=\"group\" aria-roledescription=\"slide\" aria-label=\"8 of 9\"><a data-elementor-open-lightbox=\"yes\" data-elementor-lightbox-slideshow=\"376fe64\" data-elementor-lightbox-title=\"COngreso Mates_ (11)\" data-e-action-hash=\"#elementor-action%3Aaction%3Dlightbox%26settings%3DeyJpZCI6NzIzOSwidXJsIjoiaHR0cHM6XC9cL3d3dy5lc2N1ZWxhdGhheXMubWVuZG96YS5lZHUuYXJcL3dwLWNvbnRlbnRcL3VwbG9hZHNcLzIwMjZcLzA5XC9DT25ncmVzby1NYXRlc18tMTEuanBlZyIsInNsaWRlc2hvdyI6IjM3NmZlNjQifQ%3D%3D\" href=\"https:\/\/www.escuelathays.mendoza.edu.ar\/wp-content\/uploads\/2026\/09\/COngreso-Mates_-11.jpeg\"><figure class=\"swiper-slide-inner\"><img decoding=\"async\" class=\"swiper-slide-image\" src=\"https:\/\/www.escuelathays.mendoza.edu.ar\/wp-content\/uploads\/2026\/09\/COngreso-Mates_-11-150x150.jpeg\" alt=\"COngreso Mates_ (11)\" \/><\/figure><\/a><\/div><div class=\"swiper-slide\" role=\"group\" aria-roledescription=\"slide\" aria-label=\"9 of 9\"><a data-elementor-open-lightbox=\"yes\" data-elementor-lightbox-slideshow=\"376fe64\" data-elementor-lightbox-title=\"Cong_Mat\" data-e-action-hash=\"#elementor-action%3Aaction%3Dlightbox%26settings%3DeyJpZCI6NzI0MCwidXJsIjoiaHR0cHM6XC9cL3d3dy5lc2N1ZWxhdGhheXMubWVuZG96YS5lZHUuYXJcL3dwLWNvbnRlbnRcL3VwbG9hZHNcLzIwMjZcLzA5XC9XaGF0c0FwcC1JbWFnZS0yMDI2LTA4LTMxLWF0LTE0LjQ0LjMwLmpwZWciLCJzbGlkZXNob3ciOiIzNzZmZTY0In0%3D\" href=\"https:\/\/www.escuelathays.mendoza.edu.ar\/wp-content\/uploads\/2026\/09\/WhatsApp-Image-2026-08-31-at-14.44.30.jpeg\"><figure class=\"swiper-slide-inner\"><img decoding=\"async\" class=\"swiper-slide-image\" src=\"https:\/\/www.escuelathays.mendoza.edu.ar\/wp-content\/uploads\/2026\/09\/WhatsApp-Image-2026-08-31-at-14.44.30-150x150.jpeg\" alt=\"Cong_Mat\" \/><\/figure><\/a><\/div>\t\t\t<\/div>\n\t\t\t\t\t\t\t\t\t\t\t\t<div class=\"elementor-swiper-button elementor-swiper-button-prev\" role=\"button\" tabindex=\"0\">\n\t\t\t\t\t\t<svg aria-hidden=\"true\" class=\"e-font-icon-svg e-eicon-chevron-left\" viewBox=\"0 0 1000 1000\" xmlns=\"http:\/\/www.w3.org\/2000\/svg\"><path d=\"M646 125C629 125 613 133 604 142L308 442C296 454 292 471 292 487 292 504 296 521 308 533L604 854C617 867 629 875 646 875 663 875 679 871 692 858 704 846 713 829 713 812 713 796 708 779 692 767L438 487 692 225C700 217 708 204 708 187 708 171 704 154 692 142 675 129 663 125 646 125Z\"><\/path><\/svg>\t\t\t\t\t<\/div>\n\t\t\t\t\t<div class=\"elementor-swiper-button elementor-swiper-button-next\" role=\"button\" tabindex=\"0\">\n\t\t\t\t\t\t<svg aria-hidden=\"true\" class=\"e-font-icon-svg e-eicon-chevron-right\" viewBox=\"0 0 1000 1000\" xmlns=\"http:\/\/www.w3.org\/2000\/svg\"><path d=\"M696 533C708 521 713 504 713 487 713 471 708 454 696 446L400 146C388 133 375 125 354 125 338 125 325 129 313 142 300 154 292 171 292 187 292 204 296 221 308 233L563 492 304 771C292 783 288 800 288 817 288 833 296 850 308 863 321 871 338 875 354 875 371 875 388 867 400 854L696 533Z\"><\/path><\/svg>\t\t\t\t\t<\/div>\n\t\t\t\t\n\t\t\t\t\t\t\t\t\t<div class=\"swiper-pagination\"><\/div>\n\t\t\t\t\t\t\t\t\t<\/div>\n\t\t\t\t\t\t<\/div>\n\t\t\t\t<\/div>\n\t\t\t\t\t<\/div>\n\t\t\t\t<\/div>\n\t\t<div class=\"elementor-element elementor-element-ba6d028 e-flex e-con-boxed e-con e-parent\" data-id=\"ba6d028\" data-element_type=\"container\">\n\t\t\t\t\t<div class=\"e-con-inner\">\n\t\t\t\t<div class=\"elementor-element elementor-element-1adf86a elementor-widget elementor-widget-heading\" data-id=\"1adf86a\" data-element_type=\"widget\" data-widget_type=\"heading.default\">\n\t\t\t\t<div class=\"elementor-widget-container\">\n\t\t\t\t\t<h4 class=\"elementor-heading-title elementor-size-default\">Un desaf\u00edo integral de capacidades<\/h4>\t\t\t\t<\/div>\n\t\t\t\t<\/div>\n\t\t\t\t\t<\/div>\n\t\t\t\t<\/div>\n\t\t<div class=\"elementor-element elementor-element-21d7c15 e-flex e-con-boxed e-con e-parent\" data-id=\"21d7c15\" data-element_type=\"container\">\n\t\t\t\t\t<div class=\"e-con-inner\">\n\t\t\t\t<div class=\"elementor-element elementor-element-b09f0be elementor-widget elementor-widget-text-editor\" data-id=\"b09f0be\" data-element_type=\"widget\" data-widget_type=\"text-editor.default\">\n\t\t\t\t<div class=\"elementor-widget-container\">\n\t\t\t\t\t\t\t\t\t<p data-path-to-node=\"13\">La elaboraci\u00f3n de cada video implica un proceso riguroso. Para lograr una producci\u00f3n clara, los estudiantes no solo deben aprehender en profundidad el concepto matem\u00e1tico que van a explicar, sino tambi\u00e9n dise\u00f1ar un gui\u00f3n pedag\u00f3gico, seleccionar ejemplos representativos y estructurar un recurso did\u00e1ctico eficaz.<\/p><p data-path-to-node=\"14\">A lo largo de cada etapa, el equipo docente realiza un acompa\u00f1amiento cercano: orienta los enfoques te\u00f3ricos, supervisa las ejercitaciones propuestas y asesora en la selecci\u00f3n de herramientas de edici\u00f3n. De este modo, la propuesta desaf\u00eda integralmente a los alumnos, promoviendo el desarrollo y refuerzo continuo de competencias clave:<\/p><ul data-path-to-node=\"15\"><li><p data-path-to-node=\"15,0,0\"><b data-path-to-node=\"15,0,0\" data-index-in-node=\"0\">Competencias conceptuales:<\/b> Dominio reflexivo de la Matem\u00e1tica y la F\u00edsica.<\/p><\/li><li><p data-path-to-node=\"15,1,0\"><b data-path-to-node=\"15,1,0\" data-index-in-node=\"0\">Competencias comunicativas:<\/b> Capacidad de s\u00edntesis, claridad expositiva y adaptaci\u00f3n del lenguaje.<\/p><\/li><li><p data-path-to-node=\"15,2,0\"><b data-path-to-node=\"15,2,0\" data-index-in-node=\"0\">Competencias digitales:<\/b> Manejo de herramientas tecnol\u00f3gicas, planificaci\u00f3n y producci\u00f3n audiovisual.<\/p><\/li><\/ul>\t\t\t\t\t\t\t\t<\/div>\n\t\t\t\t<\/div>\n\t\t\t\t\t<\/div>\n\t\t\t\t<\/div>\n\t\t<div class=\"elementor-element elementor-element-bee2049 e-flex e-con-boxed e-con e-parent\" data-id=\"bee2049\" data-element_type=\"container\">\n\t\t\t\t\t<div class=\"e-con-inner\">\n\t\t\t\t<div class=\"elementor-element elementor-element-6404d16 elementor-widget elementor-widget-image\" data-id=\"6404d16\" data-element_type=\"widget\" data-widget_type=\"image.default\">\n\t\t\t\t<div class=\"elementor-widget-container\">\n\t\t\t\t\t\t\t\t\t\t\t\t\t\t\t<img decoding=\"async\" width=\"1024\" height=\"785\" src=\"https:\/\/www.escuelathays.mendoza.edu.ar\/wp-content\/uploads\/2026\/09\/Proy_Mat-1024x785.png\" class=\"attachment-large size-large wp-image-7241\" alt=\"\" srcset=\"https:\/\/www.escuelathays.mendoza.edu.ar\/wp-content\/uploads\/2026\/09\/Proy_Mat-1024x785.png 1024w, https:\/\/www.escuelathays.mendoza.edu.ar\/wp-content\/uploads\/2026\/09\/Proy_Mat-300x230.png 300w, https:\/\/www.escuelathays.mendoza.edu.ar\/wp-content\/uploads\/2026\/09\/Proy_Mat-768x589.png 768w, https:\/\/www.escuelathays.mendoza.edu.ar\/wp-content\/uploads\/2026\/09\/Proy_Mat.png 1220w\" sizes=\"(max-width: 1024px) 100vw, 1024px\" \/>\t\t\t\t\t\t\t\t\t\t\t\t\t\t\t<\/div>\n\t\t\t\t<\/div>\n\t\t\t\t\t<\/div>\n\t\t\t\t<\/div>\n\t\t<div class=\"elementor-element elementor-element-e414d39 e-flex e-con-boxed e-con e-parent\" data-id=\"e414d39\" data-element_type=\"container\">\n\t\t\t\t\t<div class=\"e-con-inner\">\n\t\t\t\t<div class=\"elementor-element elementor-element-2c932f0 elementor-widget elementor-widget-heading\" data-id=\"2c932f0\" data-element_type=\"widget\" data-widget_type=\"heading.default\">\n\t\t\t\t<div class=\"elementor-widget-container\">\n\t\t\t\t\t<h4 class=\"elementor-heading-title elementor-size-default\">Integraci\u00f3n de Inteligencia Artificial <\/h4>\t\t\t\t<\/div>\n\t\t\t\t<\/div>\n\t\t\t\t\t<\/div>\n\t\t\t\t<\/div>\n\t\t<div class=\"elementor-element elementor-element-e976d57 e-flex e-con-boxed e-con e-parent\" data-id=\"e976d57\" data-element_type=\"container\">\n\t\t\t\t\t<div class=\"e-con-inner\">\n\t\t\t\t<div class=\"elementor-element elementor-element-87caf07 elementor-widget elementor-widget-text-editor\" data-id=\"87caf07\" data-element_type=\"widget\" data-widget_type=\"text-editor.default\">\n\t\t\t\t<div class=\"elementor-widget-container\">\n\t\t\t\t\t\t\t\t\t<p data-path-to-node=\"17\">El proyecto ha continuado evolucionando. Con la incorporaci\u00f3n en la escuela de plataformas como <b data-path-to-node=\"17\" data-index-in-node=\"96\">Eduten<\/b> y <b data-path-to-node=\"17\" data-index-in-node=\"105\">FlexFlix<\/b>, los estudiantes sumaron herramientas de inteligencia artificial a los m\u00e9todos tradicionales de creaci\u00f3n y edici\u00f3n de video. Esto exigi\u00f3 el desarrollo de nuevas habilidades digitales para adaptar los guiones y est\u00e9tica a estos entornos tecnol\u00f3gicos.<\/p><p data-path-to-node=\"18\">Actualmente, en la mediateca del proyecto conviven producciones tradicionales con aquellas potenciadas por IA. Sin embargo, el n\u00facleo pedag\u00f3gico se mantiene inalterable: independientemente del formato de salida o la tecnolog\u00eda empleada, el requerimiento esencial sigue siendo comprender profundamente el contenido y saber explicarlo con claridad.<\/p><p data-path-to-node=\"18\">La propuesta despert\u00f3 un marcado inter\u00e9s entre los asistentes al Congreso, quienes se acercaron al estand de nuestra escuela para profundizar en la metodolog\u00eda de trabajo, realizar consultas y conocer la din\u00e1mica de aula.<\/p>\t\t\t\t\t\t\t\t<\/div>\n\t\t\t\t<\/div>\n\t\t\t\t\t<\/div>\n\t\t\t\t<\/div>\n\t\t<div class=\"elementor-element elementor-element-b27c21a e-flex e-con-boxed e-con e-parent\" data-id=\"b27c21a\" data-element_type=\"container\">\n\t\t\t\t\t<div class=\"e-con-inner\">\n\t\t\t\t<div class=\"elementor-element elementor-element-4026a83 elementor-widget elementor-widget-text-editor\" data-id=\"4026a83\" data-element_type=\"widget\" data-widget_type=\"text-editor.default\">\n\t\t\t\t<div class=\"elementor-widget-container\">\n\t\t\t\t\t\t\t\t\t<p data-path-to-node=\"21\"><em>Desde la instituci\u00f3n celebramos la destacada participaci\u00f3n de las profesoras Pamela D\u00edaz y Yemina Lusi. Su presentaci\u00f3n puso de manifiesto el profesionalismo y compromiso que las caracteriza y visibiliz\u00f3 el valioso trabajo del \u00c1rea de Matem\u00e1tica. \u00c9stas son las experiencias que\u00a0 transforman la ense\u00f1anza en aprendizajes con impacto real y llevan a nuestra escuela a importantes instancias de reconocimiento.<\/em><\/p>\t\t\t\t\t\t\t\t<\/div>\n\t\t\t\t<\/div>\n\t\t\t\t\t<\/div>\n\t\t\t\t<\/div>\n\t\t<div class=\"elementor-element elementor-element-c5f98f2 e-flex e-con-boxed e-con e-parent\" data-id=\"c5f98f2\" data-element_type=\"container\">\n\t\t\t\t\t<div class=\"e-con-inner\">\n\t\t\t\t<div class=\"elementor-element elementor-element-311b547 elementor-widget elementor-widget-text-editor\" data-id=\"311b547\" data-element_type=\"widget\" data-widget_type=\"text-editor.default\">\n\t\t\t\t<div class=\"elementor-widget-container\">\n\t\t\t\t\t\t\t\t\t<p><b data-path-to-node=\"23,0\" data-index-in-node=\"0\">\u00a1Te invitamos a conocer el proyecto! <\/b>Pod\u00e9s explorar los videos creados por nuestros estudiantes ingresando a la secci\u00f3n <a href=\"https:\/\/www.escuelathays.mendoza.edu.ar\/?page_id=5600\" target=\"_blank\" rel=\"noopener\"><i data-path-to-node=\"23,0\" data-index-in-node=\"119\">Matema-tick<\/i><\/a> en nuestra p\u00e1gina web institucional.<\/p>\t\t\t\t\t\t\t\t<\/div>\n\t\t\t\t<\/div>\n\t\t\t\t\t<\/div>\n\t\t\t\t<\/div>\n\t\t\t\t<\/div>\n\t\t","protected":false},"excerpt":{"rendered":"<p>Docentes de la Thays invitadas al I Congreso Nacional y II Congreso Provincial de Matem\u00e1tica 5.0 Las profesoras Pamela D\u00edaz [&hellip;]<\/p>\n","protected":false},"author":9,"featured_media":7248,"comment_status":"open","ping_status":"open","sticky":false,"template":"","format":"standard","meta":{"_eb_attr":"","site-sidebar-layout":"default","site-content-layout":"","ast-site-content-layout":"","site-content-style":"default","site-sidebar-style":"default","ast-global-header-display":"","ast-banner-title-visibility":"","ast-main-header-display":"","ast-hfb-above-header-display":"","ast-hfb-below-header-display":"","ast-hfb-mobile-header-display":"","site-post-title":"","ast-breadcrumbs-content":"","ast-featured-img":"","footer-sml-layout":"","theme-transparent-header-meta":"","adv-header-id-meta":"","stick-header-meta":"","header-above-stick-meta":"","header-main-stick-meta":"","header-below-stick-meta":"","astra-migrate-meta-layouts":"default","ast-page-background-enabled":"default","ast-page-background-meta":{"desktop":{"background-color":"var(--ast-global-color-4)","background-image":"","background-repeat":"repeat","background-position":"center center","background-size":"auto","background-attachment":"scroll","background-type":"","background-media":"","overlay-type":"","overlay-color":"","overlay-opacity":"","overlay-gradient":""},"tablet":{"background-color":"","background-image":"","background-repeat":"repeat","background-position":"center center","background-size":"auto","background-attachment":"scroll","background-type":"","background-media":"","overlay-type":"","overlay-color":"","overlay-opacity":"","overlay-gradient":""},"mobile":{"background-color":"","background-image":"","background-repeat":"repeat","background-position":"center center","background-size":"auto","background-attachment":"scroll","background-type":"","background-media":"","overlay-type":"","overlay-color":"","overlay-opacity":"","overlay-gradient":""}},"ast-content-background-meta":{"desktop":{"background-color":"var(--ast-global-color-5)","background-image":"","background-repeat":"repeat","background-position":"center center","background-size":"auto","background-attachment":"scroll","background-type":"","background-media":"","overlay-type":"","overlay-color":"","overlay-opacity":"","overlay-gradient":""},"tablet":{"background-color":"var(--ast-global-color-5)","background-image":"","background-repeat":"repeat","background-position":"center center","background-size":"auto","background-attachment":"scroll","background-type":"","background-media":"","overlay-type":"","overlay-color":"","overlay-opacity":"","overlay-gradient":""},"mobile":{"background-color":"var(--ast-global-color-5)","background-image":"","background-repeat":"repeat","background-position":"center center","background-size":"auto","background-attachment":"scroll","background-type":"","background-media":"","overlay-type":"","overlay-color":"","overlay-opacity":"","overlay-gradient":""}},"footnotes":""},"categories":[11,12],"tags":[],"class_list":["post-7224","post","type-post","status-publish","format-standard","has-post-thumbnail","hentry","category-docentes","category-vida-thays"],"_links":{"self":[{"href":"https:\/\/www.escuelathays.mendoza.edu.ar\/index.php?rest_route=\/wp\/v2\/posts\/7224","targetHints":{"allow":["GET"]}}],"collection":[{"href":"https:\/\/www.escuelathays.mendoza.edu.ar\/index.php?rest_route=\/wp\/v2\/posts"}],"about":[{"href":"https:\/\/www.escuelathays.mendoza.edu.ar\/index.php?rest_route=\/wp\/v2\/types\/post"}],"author":[{"embeddable":true,"href":"https:\/\/www.escuelathays.mendoza.edu.ar\/index.php?rest_route=\/wp\/v2\/users\/9"}],"replies":[{"embeddable":true,"href":"https:\/\/www.escuelathays.mendoza.edu.ar\/index.php?rest_route=%2Fwp%2Fv2%2Fcomments&post=7224"}],"version-history":[{"count":12,"href":"https:\/\/www.escuelathays.mendoza.edu.ar\/index.php?rest_route=\/wp\/v2\/posts\/7224\/revisions"}],"predecessor-version":[{"id":7250,"href":"https:\/\/www.escuelathays.mendoza.edu.ar\/index.php?rest_route=\/wp\/v2\/posts\/7224\/revisions\/7250"}],"wp:featuredmedia":[{"embeddable":true,"href":"https:\/\/www.escuelathays.mendoza.edu.ar\/index.php?rest_route=\/wp\/v2\/media\/7248"}],"wp:attachment":[{"href":"https:\/\/www.escuelathays.mendoza.edu.ar\/index.php?rest_route=%2Fwp%2Fv2%2Fmedia&parent=7224"}],"wp:term":[{"taxonomy":"category","embeddable":true,"href":"https:\/\/www.escuelathays.mendoza.edu.ar\/index.php?rest_route=%2Fwp%2Fv2%2Fcategories&post=7224"},{"taxonomy":"post_tag","embeddable":true,"href":"https:\/\/www.escuelathays.mendoza.edu.ar\/index.php?rest_route=%2Fwp%2Fv2%2Ftags&post=7224"}],"curies":[{"name":"wp","href":"https:\/\/api.w.org\/{rel}","templated":true}]}}